{"id":2031,"__str__":"Indica\u00e7\u00e3o n\u00ba 25 de 2026","link_detail_backend":"/materia/2031","metadata":{},"numero":25,"ano":2026,"numero_protocolo":null,"data_apresentacao":"2026-02-05","tipo_apresentacao":"O","data_publicacao":null,"numero_origem_externa":"","ano_origem_externa":null,"data_origem_externa":null,"apelido":"","dias_prazo":null,"data_fim_prazo":null,"em_tramitacao":true,"polemica":false,"objeto":"","complementar":false,"ementa":"INDICA       AO    EXECUTIVO         MUNICIPAL    E A SECRETARIA COMPETENTE A TROCA DE L\u00c2MPADA, NA RUA  CAPIT\u00c3O ALVIM FONSECA EM FRENTE AO N\u00daMERO 70, BAIRRO MIRAND\u00d3POLIS, QUATIS-R.J.","indexacao":"","observacao":"","resultado":"","texto_original":"http://sapl.quatis.rj.leg.br/media/sapl/public/materialegislativa/2026/2031/indicacao__lampada__capitao_alviim_fonsseca.pdf","data_ultima_atualizacao":"2026-03-02T10:18:57.399951-03:00","ip":"168.232.73.14","ultima_edicao":"2026-03-02T10:12:31.927364-03:00","tipo":3,"regime_tramitacao":1,"tipo_origem_externa":null,"local_origem_externa":null,"user":27,"anexadas":[],"autores":[30]}