{"id":2028,"__str__":"Projeto de Decreto Legislativo n\u00ba 2 de 2026","link_detail_backend":"/materia/2028","metadata":{},"numero":2,"ano":2026,"numero_protocolo":null,"data_apresentacao":"2026-02-24","tipo_apresentacao":"E","data_publicacao":null,"numero_origem_externa":"","ano_origem_externa":null,"data_origem_externa":null,"apelido":"","dias_prazo":null,"data_fim_prazo":null,"em_tramitacao":false,"polemica":false,"objeto":"","complementar":false,"ementa":"DISP\u00d5E SOBRE A APROVA\u00c7\u00c3O DAS CONTAS DO CHEFE DO EXECUTIVO MUNICIPAL, ALU\u00cdSIO MAX ALVES D'ELIAS, REFERENTE AO EXERC\u00cdCIO DE 2024","indexacao":"","observacao":"","resultado":"","texto_original":null,"data_ultima_atualizacao":"2026-03-05T08:26:45.796112-03:00","ip":"168.232.73.14","ultima_edicao":"2026-02-27T08:14:39.854621-03:00","tipo":7,"regime_tramitacao":2,"tipo_origem_externa":null,"local_origem_externa":null,"user":13,"anexadas":[],"autores":[11]}