{"id":1880,"__str__":"Projeto de Lei Ordin\u00e1ria n\u00ba 65 de 2025","link_detail_backend":"/materia/1880","metadata":{},"numero":65,"ano":2025,"numero_protocolo":null,"data_apresentacao":"2025-11-06","tipo_apresentacao":"E","data_publicacao":null,"numero_origem_externa":"","ano_origem_externa":null,"data_origem_externa":null,"apelido":"","dias_prazo":null,"data_fim_prazo":null,"em_tramitacao":true,"polemica":false,"objeto":"","complementar":false,"ementa":"\"INSTITUI NO CALEND\u00c1RIO OFICIAL DE EVENTOS DO MUNIC\u00cdPIO DE QUATIS/RJ O DIA DA CONSCIENTIZA\u00c7\u00c3O SOBRE AS EXPERI\u00caNCIAS ADVERSAS NA INF\u00c2NCIA.\"","indexacao":"","observacao":"","resultado":"","texto_original":"http://sapl.quatis.rj.leg.br/media/sapl/public/materialegislativa/2025/1880/projeto_de_lei_no_065-2025.pdf","data_ultima_atualizacao":"2025-11-13T11:28:24.294244-03:00","ip":"168.232.73.14","ultima_edicao":"2025-11-11T12:45:56.844181-03:00","tipo":8,"regime_tramitacao":1,"tipo_origem_externa":null,"local_origem_externa":null,"user":28,"anexadas":[],"autores":[30,9]}