{"id":1242,"__str__":"Indica\u00e7\u00e3o n\u00ba 49 de 2023","link_detail_backend":"/materia/1242","metadata":{},"numero":49,"ano":2023,"numero_protocolo":84,"data_apresentacao":"2023-02-23","tipo_apresentacao":"O","data_publicacao":null,"numero_origem_externa":"","ano_origem_externa":null,"data_origem_externa":null,"apelido":"","dias_prazo":null,"data_fim_prazo":null,"em_tramitacao":false,"polemica":false,"objeto":"","complementar":false,"ementa":"A presente preposi\u00e7\u00e3o atende a pedido de mun\u00edcipes que fazem a utiliza\u00e7\u00e3o da passarela que liga os bairros Centro e S\u00e3o Benedito, o acesso \u00e9 de grande ajuda para que a passagem seja mais r\u00e1pida dos moradores, com isso solicito que os \u00f3rg\u00e3os competentes fa\u00e7am um estudo de viabilidade para saber qual a melhor op\u00e7\u00e3o, uma mureta de prote\u00e7\u00e3o ou corrim\u00e3o para que traga mais seguran\u00e7a dos que necessitam dessa travessia.","indexacao":"","observacao":"","resultado":"","texto_original":"http://sapl.quatis.rj.leg.br/media/sapl/public/materialegislativa/2023/1242/brnb4220091485f_008216.pdf","data_ultima_atualizacao":"2023-09-12T11:35:41.577835-03:00","ip":"168.232.73.14","ultima_edicao":"2023-09-12T11:34:56.567914-03:00","tipo":3,"regime_tramitacao":1,"tipo_origem_externa":null,"local_origem_externa":null,"user":4,"anexadas":[],"autores":[2]}